{"id":103,"count":27,"description":"J\u2019avais envie de travailler plusieurs fois la m\u00eame image avec des ambiances color\u00e9es diff\u00e9rentes. Toute la s\u00e9rie Arbres a \u00e9t\u00e9 r\u00e9alis\u00e9e avec les 3 m\u00eames couleurs de d\u00e9part (plus le noir). Cette recherche des couleurs est vite devenue un exercice tr\u00e8s plaisant.","link":"https:\/\/www.christineglen.com\/sitefr\/fr\/categorie-produit\/arbres\/","name":"Arbres","slug":"arbres","taxonomy":"product_cat","parent":0,"meta":[],"acf":[],"_links":{"self":[{"href":"https:\/\/www.christineglen.com\/sitefr\/wp-json\/wp\/v2\/product_cat\/103","targetHints":{"allow":["GET"]}}],"collection":[{"href":"https:\/\/www.christineglen.com\/sitefr\/wp-json\/wp\/v2\/product_cat"}],"about":[{"href":"https:\/\/www.christineglen.com\/sitefr\/wp-json\/wp\/v2\/taxonomies\/product_cat"}],"wp:post_type":[{"href":"https:\/\/www.christineglen.com\/sitefr\/wp-json\/wp\/v2\/product?product_cat=103"}],"curies":[{"name":"wp","href":"https:\/\/api.w.org\/{rel}","templated":true}]}}