{"id":881,"count":36,"description":"A la pointe de l\u2019aube, sur un coup de t\u00eate, je prends la route pour Etretat, mue par l\u2019urgence de me retrouver en prise directe avec le ciel, la terre, la mer et le temps. \r\nJe me sens tellement \u00e0 ma place face \u00e0 ce temps g\u00e9ologique sculpt\u00e9 dans la falaise. La petite \u00e9glise l\u00e0-haut rappelle le vivant de l\u2019homme, le banc solitaire qui surplombe la baie, le temps d\u2019un homme, l\u2019oc\u00e9an le m\u00e9tronome, le ciel l\u2019\u00e9ternel instantan\u00e9. \r\nIci, tout me parle : la violence des ruptures, le message des fissures, la force des soul\u00e8vements, l\u2019\u00e9rosion perp\u00e9tuelle du roulis bruyant des vagues l\u00e9chant les galets et sculptant inlassablement le millefeuille des s\u00e9diments, silex durs et tendre craie. Les contraires se c\u00f4toient dans l\u2019imposante silhouette des g\u00e9ants et leur fragilit\u00e9. \r\nUn livre \u00e0 ciel ouvert s\u2019offre \u00e0 moi. C\u2019est comme si tenter d\u2019en d\u00e9crypter quelque chose ou d\u2019en absorber les ondes me permettait de recharger mes \u00e9nergies et d\u2019apaiser la temp\u00eate des sentiments.  ","link":"https:\/\/www.christineglen.com\/sitefr\/fr\/categorie-produit\/etretat-etat-d-etre\/","name":"Etretat \u00e9tat d'\u00eatre","slug":"etretat-etat-d-etre","taxonomy":"product_cat","parent":0,"meta":[],"acf":[],"_links":{"self":[{"href":"https:\/\/www.christineglen.com\/sitefr\/wp-json\/wp\/v2\/product_cat\/881","targetHints":{"allow":["GET"]}}],"collection":[{"href":"https:\/\/www.christineglen.com\/sitefr\/wp-json\/wp\/v2\/product_cat"}],"about":[{"href":"https:\/\/www.christineglen.com\/sitefr\/wp-json\/wp\/v2\/taxonomies\/product_cat"}],"wp:post_type":[{"href":"https:\/\/www.christineglen.com\/sitefr\/wp-json\/wp\/v2\/product?product_cat=881"}],"curies":[{"name":"wp","href":"https:\/\/api.w.org\/{rel}","templated":true}]}}